{"id":3241,"date":"2021-12-27T11:10:00","date_gmt":"2021-12-27T10:10:00","guid":{"rendered":"https:\/\/cuende.com\/prod\/?p=3241"},"modified":"2022-05-25T13:38:38","modified_gmt":"2022-05-25T11:38:38","slug":"cuende-se-adhiere-a-la-fede-aepe","status":"publish","type":"post","link":"https:\/\/cuende.com\/prod\/cuende-se-adhiere-a-la-fede-aepe\/","title":{"rendered":"CUENDE se adhiere a La Fede-AEPE"},"content":{"rendered":"\n<p>CUENDE, empresa especializada en la medici\u00f3n de audiencias de publicidad Exterior, se ha adherido a La Fede-AEPE La FEDE-Aepe (Federaci\u00f3n de Empresas de Publicidad y Comunicaci\u00f3n-Asociaci\u00f3n Espa\u00f1ola de Publicidad Exterior) es la organizaci\u00f3n que re\u00fane a la mayor\u00eda de las empresas relacionadas con la Publicidad Exterior de Espa\u00f1a.<\/p>\n\n\n\n<p>Con este paso CUENDE refuerza su compromiso con el medio Exterior, as\u00ed como con la calidad de GEOMEX, referente y dato moneda de la medici\u00f3n de audiencias en el medio Exterior.<\/p>\n\n\n\n<p>La empresa contaba con una larga trayectoria de colaboraci\u00f3n con AEPE, tanto antes como despu\u00e9s de su integraci\u00f3n en La Fede, entre las que destaca su participaci\u00f3n como<a href=\"http:\/\/xxviii\"> <\/a><a href=\"https:\/\/cuende.com\/prod\/ponencia-de-cuende-en-las-xxviii-jornadas-de-publicidad-exterior\/\" target=\"_blank\" rel=\"noreferrer noopener\">ponente en las Jornadas de Publicidad Exterior<\/a> o su participaci\u00f3n como <a href=\"https:\/\/cuende.com\/prod\/cuende-en-el-xixb-seminario-de-publicidad-exterior\/\" target=\"_blank\" rel=\"noreferrer noopener\">ponente y jurado en el Seminario y Concurso de Publicidad Exterior de la Universitat Jaume I<\/a> que auspicia La Fede-AEPE. <\/p>\n\n\n\n<p><\/p>\n","protected":false},"excerpt":{"rendered":"<p>CUENDE, empresa especializada en la medici\u00f3n de audiencias de publicidad Exterior, se ha adherido a La Fede-AEPE La FEDE-Aepe (Federaci\u00f3n de Empresas de Publicidad y Comunicaci\u00f3n-Asociaci\u00f3n Espa\u00f1ola de Publicidad Exterior) es la organizaci\u00f3n que re\u00fane a la mayor\u00eda de las empresas relacionadas con la Publicidad Exterior de Espa\u00f1a. Con este paso CUENDE refuerza su compromiso&hellip;&nbsp;<a href=\"https:\/\/cuende.com\/prod\/cuende-se-adhiere-a-la-fede-aepe\/\" class=\"\" rel=\"bookmark\">Leer m\u00e1s &raquo;<span class=\"screen-reader-text\">CUENDE se adhiere a La Fede-AEPE<\/span><\/a><\/p>\n","protected":false},"author":2,"featured_media":3242,"comment_status":"closed","ping_status":"open","sticky":false,"template":"","format":"standard","meta":[],"categories":[1],"tags":[],"_links":{"self":[{"href":"https:\/\/cuende.com\/prod\/wp-json\/wp\/v2\/posts\/3241"}],"collection":[{"href":"https:\/\/cuende.com\/prod\/wp-json\/wp\/v2\/posts"}],"about":[{"href":"https:\/\/cuende.com\/prod\/wp-json\/wp\/v2\/types\/post"}],"author":[{"embeddable":true,"href":"https:\/\/cuende.com\/prod\/wp-json\/wp\/v2\/users\/2"}],"replies":[{"embeddable":true,"href":"https:\/\/cuende.com\/prod\/wp-json\/wp\/v2\/comments?post=3241"}],"version-history":[{"count":7,"href":"https:\/\/cuende.com\/prod\/wp-json\/wp\/v2\/posts\/3241\/revisions"}],"predecessor-version":[{"id":3275,"href":"https:\/\/cuende.com\/prod\/wp-json\/wp\/v2\/posts\/3241\/revisions\/3275"}],"wp:featuredmedia":[{"embeddable":true,"href":"https:\/\/cuende.com\/prod\/wp-json\/wp\/v2\/media\/3242"}],"wp:attachment":[{"href":"https:\/\/cuende.com\/prod\/wp-json\/wp\/v2\/media?parent=3241"}],"wp:term":[{"taxonomy":"category","embeddable":true,"href":"https:\/\/cuende.com\/prod\/wp-json\/wp\/v2\/categories?post=3241"},{"taxonomy":"post_tag","embeddable":true,"href":"https:\/\/cuende.com\/prod\/wp-json\/wp\/v2\/tags?post=3241"}],"curies":[{"name":"wp","href":"https:\/\/api.w.org\/{rel}","templated":true}]}}